{"id":6400,"date":"2020-07-21T12:50:41","date_gmt":"2020-07-21T12:50:41","guid":{"rendered":"https:\/\/www.lifewolfalps.eu\/fake-news\/no-wolves-dont-attack-people\/"},"modified":"2023-08-11T06:36:29","modified_gmt":"2023-08-11T06:36:29","slug":"volkovi-napadajo-ljudi","status":"publish","type":"fake_news","link":"https:\/\/www.lifewolfalps.eu\/sl\/lazne-novice\/volkovi-napadajo-ljudi\/","title":{"rendered":"&#8220;Volkovi napadajo ljudi&#8221;"},"content":{"rendered":"\n<p class=\"wp-block-paragraph\">\u0160tevilni ljudje z obmo\u010dij, kjer so volkovi prisotni \u0161ele v zadnjem \u010dasu, pravijo &#8220;ne upamo si ve\u010d pustiti na\u0161ih otrok, da bi se peljali z avtobusom, ker jih bodo volkovi napadli in po\u017erli&#8221;. Vendar volk \u010dloveka ne prepozna kot plen. Njegova prehrana so predvsem prosto\u017eive\u010dih parkljarji (jelenjad, srnjad in divji pra\u0161i\u010di). Poleg tega se ljudi izogiba, saj nas ocenjuje kot potencialno gro\u017enjo in se, \u010de se le lahko, izogne \u200b\u200bsre\u010danju s \u010dlovekom.<\/p>\n\n\n\n<p class=\"wp-block-paragraph\">V Italiji, kjer je volk danes prisoten in je raz\u0161irjen tudi v hribovitih in gorskih obmo\u010djih (npr. Zahodne Alpe), kjer je veliko turistov, so sre\u010danja z volkom \u0161e vedno redka in \u0161e nismo dokumentirali nobenega napada volka na \u010dloveka. Pravzaprav se volk obi\u010dajno sre\u010danju s \u010dlovekom izogne.<\/p>\n\n\n\n<p class=\"wp-block-paragraph\">Kot vse prosto\u017eive\u010de \u017eivali bi tudi volk, v primeru, da bi se po\u010dutil ogro\u017eenega, pokazal agresivno vedenje. Ker gre za divjo \u017eival, se je treba do volkov obna\u0161ati spo\u0161tljivo: v primeru, sre\u010danja z volkom, ki se prehranjuje ali pa volkom, ki je prestra\u0161en, po\u0161kodovan, ali v te\u017eavah in ne more pobegniti, je najbolje, obdr\u017eati razdaljo, se umakniti in o tem obvestiti lokalno lovsko dru\u017eino (pokli\u010demo 113, policija pa obve\u0161\u010da dalje).<\/p>\n\n\n\n<h4 class=\"wp-block-heading\"><strong><strong><strong>Zakaj ima potem volk tako slab sloves?<\/strong><\/strong><\/strong><\/h4>\n\n\n\n<p class=\"wp-block-paragraph\">Arhivski dokumenti (npr. \u017eupnijski arhivi, kronike, odloki &#8230; ) poro\u010dajo o napadih volkov v \u010dasu srednjega veka. Pode\u017eelje na alpskem obmo\u010dju je bilo takrat zelo druga\u010dno od dana\u0161njega. Bilo je gosteje poseljeno in z manj plena za volka. Ljudje in volkovi (verjetno tudi potepu\u0161ki psi) so bili v neposredni konkurenci za prostor in hrano. V teh dokumentih so poro\u010dali o napadih volkov na \u010dloveka, \u017ertve so bile pogosto otroci, redkej\u0161i so bili incidenti z odraslimi, zlasti \u017eenskami. Otroci so ostali sami, da so pazili na pa\u0161no \u017eivino, kar je bila raz\u0161irjena praksa po celotnih Alpah vse do za\u010detka 19. stoletja. Metoda dolo\u010ditve odgovornosti za napad je bila takrat popolnoma subjektivna, za razliko od danes, ko lahko s pomo\u010djo genetske analize biolo\u0161kih vzorcev (npr. slina na ugrizu) objektivno in trdno dolo\u010dimo, kdo je bil uplenitelj \u017eivali. V Italiji, vsaj od konca druge svetovne vojne (razen enega dvomljivega primera, ki se je zgodil leta 1946), ni bilo ve\u010d napadov volkov na ljudi.<\/p>\n\n\n\n<p class=\"wp-block-paragraph\">Precej\u0161nje \u0161tevilo napadov (smrtnih ali ne) na ljudi, ki so bili v preteklosti zabele\u017eeni v Italiji in Evropi, so povzro\u010dili volkovi, ki so imeli steklino, bolezen, ki je v obdobju med 1997 in 2008 nismo zabele\u017eili. V letih 2008\u20132011 so bili zabele\u017eeni nekateri primeri stekline na severovzhodu Italije, a je od leta 2011 niso ve\u010d zasledili. Verjetnosti, da bi \u010dloveka danes napadel volk, ki ima steklino, torej dejansko ni.<\/p>\n\n\n\n<p class=\"wp-block-paragraph\">Danes se med volkovi in \u200b\u200bljudmi dogajajo nesre\u010de, zlasti na obmo\u010djih sveta, kjer je steklina \u0161e vedno prisotna, in v zelo razli\u010dnih okoli\u0161\u010dinah kot v Evropi (npr. v Aziji). Zunaj teh kriti\u010dnih podro\u010dij je tveganje za napad volka zelo majhno. Kljub temu tveganja ni mogo\u010de popolnoma izklju\u010diti, zato so nekateri volkovi, opredeljeni kot&nbsp; problemati\u010dni, t.i. drzni volkovi (bold wolfs).<\/p>\n\n\n\n<p class=\"wp-block-paragraph\">Na primer, v populaciji\u00a0 60 000 volkov v Severni Ameriki, sta bila v obdobju 2002\u20132012 zabele\u017eena dva napada zdravega volka na \u010dloveka (vir:<a href=\"https:\/\/www.adfg.alaska.gov\/index.cfm?adfg=livewith.wolves\" target=\"_blank\" rel=\"noopener\"> Alaska Department of Fish and Game<\/a>). Ti napadi se dogajajo na\u00a0 oddaljenih obmo\u010djih, kjer je vpliv \u010dloveka zelo majhen in ni primerljiv z razmerami v Alpah. Ve\u010d informacij o incidentih med volkovi in \u200b\u200bljudmi po svetu, lahko dobite v dokumentu <a href=\"https:\/\/www.researchgate.net\/publication\/236330045_The_fear_of_wolves_A_review_of_wolf_attacks_on_humans\" target=\"_blank\" rel=\"noopener\">The fear of wolves &#8211; pregled napadov volkov na \u010dlovek<\/a>a, in <a href=\"https:\/\/brage.nina.no\/nina-xmlui\/bitstream\/handle\/11250\/2729772\/ninarapport1944.pdf?sequence=1&amp;isAllowed=y\" target=\"_blank\" aria-label=\"njegova posodobitev (opens in a new tab)\" rel=\"noreferrer noopener\" class=\"rank-math-link\"><strong>njegova posodobitev<\/strong><\/a>.<a href=\"http:\/\/www2.nina.no\/lcie_new\/pdf\/634993231241795116_Linnell%20NINA%20OP%20La%20Peur%20du%20loup.pdf\" class=\"rank-math-link\" target=\"_blank\" rel=\"noopener\">.<\/a><\/p>\n","protected":false},"featured_media":4472,"template":"","class_list":["post-6400","fake_news","type-fake_news","status-publish","has-post-thumbnail","hentry"],"acf":[],"_links":{"self":[{"href":"https:\/\/www.lifewolfalps.eu\/sl\/wp-json\/wp\/v2\/fake_news\/6400","targetHints":{"allow":["GET"]}}],"collection":[{"href":"https:\/\/www.lifewolfalps.eu\/sl\/wp-json\/wp\/v2\/fake_news"}],"about":[{"href":"https:\/\/www.lifewolfalps.eu\/sl\/wp-json\/wp\/v2\/types\/fake_news"}],"wp:featuredmedia":[{"embeddable":true,"href":"https:\/\/www.lifewolfalps.eu\/sl\/wp-json\/wp\/v2\/media\/4472"}],"wp:attachment":[{"href":"https:\/\/www.lifewolfalps.eu\/sl\/wp-json\/wp\/v2\/media?parent=6400"}],"curies":[{"name":"wp","href":"https:\/\/api.w.org\/{rel}","templated":true}]}}