{"id":9379,"date":"2021-04-30T10:46:30","date_gmt":"2021-04-30T10:46:30","guid":{"rendered":"https:\/\/www.lifewolfalps.eu\/?p=9379"},"modified":"2022-08-23T10:05:16","modified_gmt":"2022-08-23T10:05:16","slug":"wir-reagieren-auf-kritik","status":"publish","type":"post","link":"https:\/\/www.lifewolfalps.eu\/de\/wir-reagieren-auf-kritik\/","title":{"rendered":"Wir reagieren auf Kritik"},"content":{"rendered":"\n<p class=\"wp-block-paragraph\">In den letzten Tagen hat der neue Pr\u00e4sident des Leitungsgremiums der Schutzgebiete der Cottischen Alpen in einem Brief starke Kritik und Verwirrung in Bezug auf das Projekt LIFE WolfAlps EU und das vorherige und abgeschlossene Projekt LIFE WolfAlps (2013-2018) ge\u00e4u\u00dfert.<\/p>\n\n\n\n<p class=\"wp-block-paragraph\">Das auf der <a href=\"http:\/\/www.ruralpini.it\/Clamoroso-un-parco-contro-Wolf-Alps.html\" class=\"rank-math-link\" target=\"_blank\" rel=\"noopener\">Ruralpini-Website<\/a> ver\u00f6ffentlichte Dokument \u201ekam\u201c aus den B\u00fcros, an die es gerichtet war, und f\u00fchrte zu Debatten und Meinungsaustausch.<\/p>\n\n\n\n<p class=\"wp-block-paragraph\">In Anbetracht dessen, was passiert ist, h\u00e4lt es das Projektteam f\u00fcr angemessen, auf die erhobenen Anschuldigungen zu reagieren, die den Werten Transparenz und Objektivit\u00e4t treu bleiben, die das Projekt immer geleitet haben.<\/p>\n\n\n\n<p class=\"wp-block-paragraph\">Das erste Problem betrifft die Kosten des Projekts und den Geldbetrag, der dem Wolf gewidmet ist.<\/p>\n\n\n\n<p class=\"wp-block-paragraph\">Es ist wahr: Sowohl LIFE WolfAlps als auch LIFE WolfAlps EU sind gro\u00dfe Projekte in Bezug auf die Anzahl der Partner, die beteiligten Mitarbeiter, die Erweiterung des Interventionsbereichs und daher teuer.<\/p>\n\n\n\n<p class=\"wp-block-paragraph\">Es ist ebenso richtig, dass die Mittel angefordert und beschafft wurden, indem ein strenges Auswahlverfahren verabschiedet wurde, das von der Europ\u00e4ischen Union durchgef\u00fchrt wurde und mit vielen Projektvorschl\u00e4gen konkurrierte. Die Finanzierung ist Teil des LIFE-Programms, des Finanzinstruments der Europ\u00e4ischen Union f\u00fcr die Umwelt. Die EU stellt verschiedene Mittel zur Finanzierung verschiedener Aktivit\u00e4ten in der Region bereit. F\u00fcr landwirtschaftliche Aktivit\u00e4ten stehen der Europ\u00e4ische Fonds f\u00fcr l\u00e4ndliche Entwicklung und der Europ\u00e4ische Fonds f\u00fcr Agrargarantie zur Verf\u00fcgung, Strukturfonds, die landwirtschaftliche Aktivit\u00e4ten durch die GAP und Pl\u00e4ne zur Entwicklung des l\u00e4ndlichen Raums unterst\u00fctzen. Ebenso haben Umweltschutzaktivit\u00e4ten das LIFE-Instrument.<\/p>\n\n\n\n<p class=\"wp-block-paragraph\">Aus diesem Grund unterst\u00fctzen LIFE-Mittel die wirtschaftlichen Aktivit\u00e4ten nicht direkt.<\/p>\n\n\n\n<p class=\"wp-block-paragraph\">Im LIFE WolfAlps EU-Projekt nimmt die Agrarwelt jedoch einen wichtigen Platz als strategischer Gespr\u00e4chspartner f\u00fcr den Aufbau einer Koexistenz zwischen W\u00f6lfen und agrosilvopastoralen Aktivit\u00e4ten ein und ist aus diesem Grund in eine Reihe von Interventionslinien auf dem Territorium unterteilt. Es ist kein Zufall, dass der vollst\u00e4ndige Titel des Projekts \u201eKoordinierte Ma\u00dfnahmen zur Verbesserung der Koexistenz zwischen W\u00f6lfen und menschlichen Aktivit\u00e4ten auf der Ebene der Alpenbev\u00f6lkerung\u201c lautet.<\/p>\n\n\n\n<p class=\"wp-block-paragraph\">Eine Verpflichtung, die vor allem Konkretheit ist: Die im Rahmen des Projekts eingerichteten Notfallteams haben genau den Zweck, den Z\u00fcchtern bei der Verhinderung von Angriffen, bei der Suche und Implementierung von Pr\u00e4ventionssystemen bei der korrekten Verwendung von LGDs zu helfen auch bei der Unterst\u00fctzung beim Zugang zu Ausgleichsma\u00dfnahmen und bei der Unterst\u00fctzung der Pr\u00e4vention.<\/p>\n\n\n\n<p class=\"wp-block-paragraph\">Nicht nur. Das Projekt zielt auf eine direkte Einbeziehung derjenigen ab, die in der Region leben und auf verschiedene Weise mit dem Wolf interagieren, und arbeitet t\u00e4glich daran, Beziehungen aufzubauen, die das Potenzial dieser Menschen durch die Entwicklung von Dialogplattformen steigern.<\/p>\n\n\n\n<p class=\"wp-block-paragraph\">Und dann gab es (und wird es auch sein) die F\u00f6rderung der Produkte und Aktivit\u00e4ten der Z\u00fcchter, die mit h\u00f6heren Kosten und Aufwand in den Gebieten arbeiten, in denen der Wolf anwesend ist, die Via dei Formaggi und die Vorstudie f\u00fcr die Verwendung von Wolle., auf Wunsch der Z\u00fcchter in Auftrag gegeben.<\/p>\n\n\n\n<p class=\"wp-block-paragraph\">Warum finanziert die Europ\u00e4ische Union Wolfsprojekte?<br>Der Wolf ist eine Art, die durch nationale und europ\u00e4ische Gesetze gesch\u00fctzt ist. Die von Italien mit dem Pr\u00e4sidialdekret 357 vom 8. September 1997 umgesetzte Habitatrichtlinie (92\/43 \/ EWG) z\u00e4hlt den Wolf zu den Arten, deren Erhaltung die Ausweisung besonderer Schutzgebiete (Anhang B) erfordert, und zu den vorrangigen Arten der Gemeinschaft Interessen, die einen strengen Schutz erfordern (Anhang D), verpflichten die Mitgliedstaaten, einen &#8222;zufriedenstellenden Erhaltungszustand nat\u00fcrlicher Lebensr\u00e4ume und Arten wildlebender Tiere und Pflanzen von gemeinschaftlichem Interesse&#8220; zu gew\u00e4hrleisten. Aus diesen Gr\u00fcnden erf\u00fcllt die Art die Anforderungen der Finanzierung von LIFE Nature and Biodiversity.<\/p>\n\n\n\n<p class=\"wp-block-paragraph\">Aber m\u00fcssen Sie so viele Mitarbeiter bezahlen? Wie werden sie ausgew\u00e4hlt?<br>Die Mitgliedstaaten der Union sind verpflichtet, die in der Habitatrichtlinie enthaltenen Arten zu \u00fcberwachen und diese Aktivit\u00e4ten zu melden, und wie wir gesehen haben, geh\u00f6rt der Wolf zu den Arten, die nach der Richtlinie \u00fcberwacht und gemeldet werden m\u00fcssen. Die \u00dcberwachung eines schwer fassbaren Gro\u00dfraumtiers wie des Wolfs ist herausfordernd und kostspielig. Life WolfAlps hatte den gro\u00dfen (und belohnten) Vorteil, die \u00dcberwachung auf italienischer alpiner Ebene standardisiert zu haben, wobei ein Ansatz verwendet wurde, der von ISPRA f\u00fcr die Entwicklung des \u00dcberwachungsplans auf nationaler Ebene in den letzten Monaten in der Umsetzungsphase \u00fcbernommen wurde.<\/p>\n\n\n\n<p class=\"wp-block-paragraph\">Ja, es wird viel Personal ben\u00f6tigt, das h\u00f6her ist als das, was bereits in den beteiligten Stellen vorhanden ist, aber die geschaffenen Besch\u00e4ftigungsm\u00f6glichkeiten werden durch die europ\u00e4ischen LIFE-Mittel abgedeckt und zielen darauf ab, die Ziele des Projekts zu erreichen. Und wir sprechen nicht nur \u00fcber die Techniker, die sich mit der \u00dcberwachung befassen, sondern auch \u00fcber die Tier\u00e4rzte, die Aktivit\u00e4ten zur Unterst\u00fctzung der Hirten und des Kommunikationspersonals durchf\u00fchren. Alle selektiven Verfahren werden von \u00f6ffentlichen Stellen mit transparenten Verfahren durchgef\u00fchrt. Wie Pr\u00e4sident Deidier selbst in seinem Brief feststellt<\/p>\n","protected":false},"excerpt":{"rendered":"<p>In den letzten Tagen hat der neue Pr\u00e4sident des Leitungsgremiums der Schutzgebiete der Cottischen Alpen in einem Brief starke Kritik und Verwirrung in Bezug auf das Projekt LIFE WolfAlps EU und das vorherige und abgeschlossene Projekt LIFE WolfAlps (2013-2018) ge\u00e4u\u00dfert. Das auf der Ruralpini-Website ver\u00f6ffentlichte Dokument \u201ekam\u201c aus den B\u00fcros, an die es gerichtet war, [&hellip;]<\/p>\n","protected":false},"author":12,"featured_media":1548,"comment_status":"open","ping_status":"open","sticky":false,"template":"","format":"standard","meta":{"_acf_changed":false,"footnotes":""},"categories":[5],"tags":[],"class_list":["post-9379","post","type-post","status-publish","format-standard","has-post-thumbnail","hentry","category-news"],"acf":[],"_links":{"self":[{"href":"https:\/\/www.lifewolfalps.eu\/de\/wp-json\/wp\/v2\/posts\/9379","targetHints":{"allow":["GET"]}}],"collection":[{"href":"https:\/\/www.lifewolfalps.eu\/de\/wp-json\/wp\/v2\/posts"}],"about":[{"href":"https:\/\/www.lifewolfalps.eu\/de\/wp-json\/wp\/v2\/types\/post"}],"author":[{"embeddable":true,"href":"https:\/\/www.lifewolfalps.eu\/de\/wp-json\/wp\/v2\/users\/12"}],"replies":[{"embeddable":true,"href":"https:\/\/www.lifewolfalps.eu\/de\/wp-json\/wp\/v2\/comments?post=9379"}],"version-history":[{"count":2,"href":"https:\/\/www.lifewolfalps.eu\/de\/wp-json\/wp\/v2\/posts\/9379\/revisions"}],"predecessor-version":[{"id":9382,"href":"https:\/\/www.lifewolfalps.eu\/de\/wp-json\/wp\/v2\/posts\/9379\/revisions\/9382"}],"wp:featuredmedia":[{"embeddable":true,"href":"https:\/\/www.lifewolfalps.eu\/de\/wp-json\/wp\/v2\/media\/1548"}],"wp:attachment":[{"href":"https:\/\/www.lifewolfalps.eu\/de\/wp-json\/wp\/v2\/media?parent=9379"}],"wp:term":[{"taxonomy":"category","embeddable":true,"href":"https:\/\/www.lifewolfalps.eu\/de\/wp-json\/wp\/v2\/categories?post=9379"},{"taxonomy":"post_tag","embeddable":true,"href":"https:\/\/www.lifewolfalps.eu\/de\/wp-json\/wp\/v2\/tags?post=9379"}],"curies":[{"name":"wp","href":"https:\/\/api.w.org\/{rel}","templated":true}]}}